{"id":879,"__str__":"Ordem do Dia/Expediente: 1 - Projeto de Lei Ordin\u00e1ria n\u00ba 3 de 2026 em 10\u00aa Ordin\u00e1ria de 2026 da 1\u00aa Sess\u00e3o Legislativa da 8\u00aa Legislatura","link_detail_backend":"/sessao/ordemdia/879","metadata":{},"data_ordem":"2026-04-27","observacao":"O presidente solicitou a leitura da ementa do Projeto de Lei n\u00ba 03/2026 e da ementa do parecer das comiss\u00f5es.\r\nFoi realizada a leitura do Projeto de Lei n\u00ba 03/2026, que autoriza o Poder Executivo Municipal a efetuar a abertura de cr\u00e9dito adicional suplementar no or\u00e7amento do Munic\u00edpio de Cruzmaltina, para o exerc\u00edcio financeiro de 2026, e d\u00e1 outras provid\u00eancias.\r\nEm seguida, foi realizada a leitura do parecer das comiss\u00f5es competentes, o qual foi favor\u00e1vel \u00e0 tramita\u00e7\u00e3o e aprova\u00e7\u00e3o do referido projeto. \r\nO projeto foi colocado em discuss\u00e3o, aonde o vereador Vilson, que iniciou sua fala cumprimentando o Presidente, os demais vereadores e todos os presentes no plen\u00e1rio, estendendo sauda\u00e7\u00f5es ao ex-prefeito Natal e agradecendo a presen\u00e7a de todos.\r\nEm sua manifesta\u00e7\u00e3o, destacou que o Projeto de Lei n\u00ba 03/2026, de autoria do Poder Executivo, tem por finalidade viabilizar a aquisi\u00e7\u00e3o de tr\u00eas ve\u00edculos para o munic\u00edpio, por meio de recursos provenientes de emenda parlamentar destinada pelo Deputado S\u00e9rgio Souza.\r\nEsclareceu que, do valor total de R$ 318.920,67 (trezentos e dezoito mil, novecentos e vinte reais e sessenta e sete centavos), o munic\u00edpio participar\u00e1 com contrapartida de aproximadamente R$ 18.000,00 (dezoito mil reais), sendo o restante oriundo da referida emenda.\r\nInformou ainda que os ve\u00edculos ser\u00e3o destinados da seguinte forma: dois para a \u00e1rea da sa\u00fade e um para a Guarda Municipal, ressaltando a necessidade de renova\u00e7\u00e3o da frota, especialmente no caso da Guarda, cujo ve\u00edculo atual encontra-se em condi\u00e7\u00f5es prec\u00e1rias.\r\nO Vereador mencionou que, em gest\u00e3o anterior, j\u00e1 havia sido viabilizada a aquisi\u00e7\u00e3o de um ve\u00edculo, por\u00e9m o processo foi posteriormente cancelado pela atual administra\u00e7\u00e3o. Destacou, entretanto, que o munic\u00edpio foi novamente contemplado com recursos, ressaltando o apoio constante do Deputado S\u00e9rgio Souza e de outros parlamentares que t\u00eam contribu\u00eddo com o desenvolvimento local.\r\nFinalizou \u00e0 sua manifesta\u00e7\u00e3o, ressaltando o papel desempenhado pelos parlamentares na busca de recursos junto aos deputados que historicamente t\u00eam apoiado o munic\u00edpio, destacando que tais parcerias contribu\u00edram significativamente para o desenvolvimento de Cruzmaltina e para as conquistas atualmente disponibilizadas \u00e0 popula\u00e7\u00e3o.\r\nReiterou que o Projeto de Lei n\u00ba 03/2026 contempla a aquisi\u00e7\u00e3o de tr\u00eas ve\u00edculos, sendo dois destinados \u00e0 \u00e1rea da sa\u00fade e um \u00e0 Guarda Municipal, refor\u00e7ando a import\u00e2ncia desses investimentos para a melhoria dos servi\u00e7os p\u00fablicos.\r\nEncerrada a discuss\u00e3o, o Senhor Presidente colocou o Projeto de Lei n\u00ba 03/2026 em vota\u00e7\u00e3o, orientando que os vereadores favor\u00e1veis permanecessem como estavam e os contr\u00e1rios se manifestassem levantando-se.\r\nAp\u00f3s a verifica\u00e7\u00e3o, o Senhor Presidente declarou APROVADO o Projeto de Lei n\u00ba 03/2026 em SEGUNDA vota\u00e7\u00e3o.","numero_ordem":1,"resultado":"Aprovado","tipo_votacao":2,"votacao_aberta":false,"registro_aberto":true,"sessao_plenaria":380,"materia":664,"tramitacao":null}