{"id":834,"__str__":"Ordem do Dia/Expediente: 1 - Indica\u00e7\u00e3o n\u00ba 23 de 2025 em 37\u00aa Ordin\u00e1ria de 2025 da 1\u00aa Sess\u00e3o Legislativa da 8\u00aa Legislatura","link_detail_backend":"/sessao/ordemdia/834","metadata":{},"data_ordem":"2025-12-08","observacao":"O Senhor Presidente solicitou a leitura da Indica\u00e7\u00e3o n\u00ba 23/2025, de autoria do vereador Aparecido Gomes, que disp\u00f5e sobre a instala\u00e7\u00e3o de uma academia de gin\u00e1stica ao ar livre na localidade do Bairro Olho d\u2019\u00c1gua.\r\nEm seguida, concedeu a palavra ao autor. O Vereador Aparecido cumprimentou os demais vereadores, o p\u00fablico que acompanha a sess\u00e3o presencialmente e pelas redes sociais, bem como o guarda municipal ali presente. Relatou que, ao realizar uma caminhada recentemente, esteve no perto do posso de agua do  Bairro Olho d\u2019\u00c1gua, onde observou que o espa\u00e7o \u00e9 adequado para a instala\u00e7\u00e3o de uma academia ao ar livre.\r\nO vereador justificou que a implanta\u00e7\u00e3o do equipamento beneficiaria os moradores, incentivando a pr\u00e1tica de atividades f\u00edsicas e contribuindo para a promo\u00e7\u00e3o da sa\u00fade, destacando que em outras localidades, como na Vila Rural, a iniciativa j\u00e1 foi implementada com bons resultados. Assim, apresentou formalmente a indica\u00e7\u00e3o ao Poder Executivo para que avalie a possibilidade de atender \u00e0 solicita\u00e7\u00e3o. Encerrando sua fala, agradeceu pela aten\u00e7\u00e3o.\r\nNa sequ\u00eancia, o Senhor Presidente colocou a Indica\u00e7\u00e3o n\u00ba 23/2025 em vota\u00e7\u00e3o. N\u00e3o havendo manifesta\u00e7\u00e3o em contr\u00e1rio, declarou aprovada a referida indica\u00e7\u00e3o.","numero_ordem":1,"resultado":"Aprovado","tipo_votacao":2,"votacao_aberta":false,"registro_aberto":true,"sessao_plenaria":363,"materia":659,"tramitacao":null}