{"id":728,"__str__":"Ordem do Dia/Expediente: 1 - Projeto de Lei Ordin\u00e1ria n\u00ba 23 de 2025 em 14\u00aa Ordin\u00e1ria de 2025 da 1\u00aa Sess\u00e3o Legislativa da 8\u00aa Legislatura","link_detail_backend":"/sessao/ordemdia/728","metadata":{},"data_ordem":"2025-05-26","observacao":"O Presidente solicitou a leitura do Projeto de Lei n\u00ba 23/2025, que disp\u00f5e sobre a \u201cCria\u00e7\u00e3o do cargo de Operador de Programas Sociais; autoriza a cria\u00e7\u00e3o e o aumento do n\u00famero de cargos p\u00fablicos efetivos no \u00e2mbito da Administra\u00e7\u00e3o Municipal de Cruzmaltina \u2013 PR e d\u00e1 outras provid\u00eancias.\u201d\r\nEm seguida, colocou o referido Projeto de Lei em discuss\u00e3o, ocasi\u00e3o em que o vereador Luiz Henrique solicitou a palavra. Ao fazer uso da tribuna, cumprimentou todos os presentes e aqueles que acompanhavam a sess\u00e3o pelas redes sociais. Na sequ\u00eancia, esclareceu que o projeto trata n\u00e3o apenas da cria\u00e7\u00e3o do cargo de Operador de Programas Sociais, mas tamb\u00e9m da cria\u00e7\u00e3o e do aumento de diversos outros cargos p\u00fablicos, considerados necess\u00e1rios para atender \u00e0s demandas do munic\u00edpio.\r\nEspecificou que, conforme o projeto, ser\u00e3o criados:\r\n\u2022\t1 (um) cargo de M\u00e9dico Veterin\u00e1rio;\r\n\u2022\t1 (um) cargo de Enfermeiro Padr\u00e3o;\r\n\u2022\t1 (um) cargo de Farmac\u00eautico;\r\n\u2022\t2 (dois) cargos de T\u00e9cnico de Enfermagem;\r\n\u2022\t1 (um) cargo de Auxiliar de Servi\u00e7os Gerais (feminino), destinado ao CRAS;\r\n\u2022\t2 (dois) cargos de Operador de Programas Sociais, tamb\u00e9m para o CRAS;\r\n\u2022\t2 (dois) cargos de Educador Social;\r\n\u2022\t1 (um) cargo de Motorista exclusivo para o CRAS.\r\nO Vereador ressaltou a import\u00e2ncia do projeto, considerando a necessidade de amplia\u00e7\u00e3o do quadro de servidores, especialmente nas \u00e1reas da Sa\u00fade, Servi\u00e7os Gerais e Assist\u00eancia Social, para melhor atendimento \u00e0 popula\u00e7\u00e3o.\r\nInformou ainda que, durante a reuni\u00e3o da comiss\u00e3o realizada na quinta-feira, da qual participaram a Vereadora Edineia e demais vereadores, foram feitas algumas sugest\u00f5es ao Executivo para que, futuramente, sejam encaminhados novos projetos de lei, visando a cria\u00e7\u00e3o de outros cargos, conforme as necessidades que surgirem.\r\nEncerrando sua manifesta\u00e7\u00e3o, o Vereador refor\u00e7ou a relev\u00e2ncia da proposta para o munic\u00edpio.\r\nEm seguida, o Vereador Vilson solicitou a palavra, sendo-lhe concedida pelo Senhor Presidente. O Vereador Vilson cumprimentou a todos os presentes, aos que acompanhavam a sess\u00e3o e aos demais vereadores, e destacou a import\u00e2ncia da cria\u00e7\u00e3o do PSS, refor\u00e7ando as palavras do Vereador Luiz Henrique acerca dos cargos mencionados no projeto. Ressaltou ainda que \u00e9 necess\u00e1rio esclarecer \u00e0 popula\u00e7\u00e3o que a cria\u00e7\u00e3o desses cargos e do PSS visa exclusivamente suprir as necessidades do munic\u00edpio, sendo limitada apenas aos cargos previstos no projeto, n\u00e3o podendo ser realizada a convoca\u00e7\u00e3o al\u00e9m do que est\u00e1 especificado.\r\nNa sequ\u00eancia, o Senhor Presidente colocou o Projeto de Lei n\u00ba 23/2025 em vota\u00e7\u00e3o, orientando que os favor\u00e1veis permanecessem como se encontram e que os contr\u00e1rios se manifestassem, levantando-se.\r\nN\u00e3o havendo manifesta\u00e7\u00e3o contr\u00e1ria, o Senhor Presidente declarou aprovado, em PRIMEIRA vota\u00e7\u00e3o, o Projeto de Lei n\u00ba 23/2025.","numero_ordem":1,"resultado":"Aprovado","tipo_votacao":2,"votacao_aberta":false,"registro_aberto":true,"sessao_plenaria":336,"materia":572,"tramitacao":null}