{"id":693,"__str__":"INDICA\u00c7\u00c3O VERBAL n\u00ba 1 de 2026","link_detail_backend":"/materia/693","metadata":{},"numero":1,"ano":2026,"numero_protocolo":null,"data_apresentacao":"2026-03-16","tipo_apresentacao":"O","data_publicacao":null,"numero_origem_externa":"","ano_origem_externa":null,"data_origem_externa":null,"apelido":"","dias_prazo":null,"data_fim_prazo":null,"em_tramitacao":false,"polemica":false,"objeto":"","complementar":false,"ementa":"A vereadora solicita para que, se poss\u00edvel, sejam providenciadas melhorias na Unidade B\u00e1sica de Sa\u00fade da Vila Diniz, tendo em vista a necessidade de adequa\u00e7\u00f5es estruturais e amplia\u00e7\u00e3o dos servi\u00e7os ofertados \u00e0 popula\u00e7\u00e3o.","indexacao":"","observacao":"","resultado":"","texto_original":"http://sapl.cruzmaltina.pr.leg.br/media/sapl/public/materialegislativa/2026/693/img-260420082819-001.pdf","data_ultima_atualizacao":"2026-04-20T08:29:45.398982-03:00","ip":"177.220.130.74","ultima_edicao":"2026-04-20T08:26:48.825049-03:00","tipo":16,"regime_tramitacao":1,"tipo_origem_externa":null,"local_origem_externa":null,"user":26,"anexadas":[],"autores":[25]}