{"id":672,"__str__":"Indica\u00e7\u00e3o n\u00ba 1 de 2026","link_detail_backend":"/materia/672","metadata":{},"numero":1,"ano":2026,"numero_protocolo":null,"data_apresentacao":"2026-02-26","tipo_apresentacao":"E","data_publicacao":null,"numero_origem_externa":"","ano_origem_externa":null,"data_origem_externa":null,"apelido":"","dias_prazo":null,"data_fim_prazo":null,"em_tramitacao":false,"polemica":false,"objeto":"","complementar":false,"ementa":"Solicita para que se poss\u00edvel adote medidas administrativas, com elabora\u00e7\u00e3o de Projeto de Lei da altera\u00e7\u00e3o da Lei 475/2016, para regulariza\u00e7\u00e3o das hora- atividade, para os Profissionais do magist\u00e9rio do Munic\u00edpio de Cruzmaltina.","indexacao":"","observacao":"","resultado":"","texto_original":"http://sapl.cruzmaltina.pr.leg.br/media/sapl/public/materialegislativa/2026/672/01-_ind._regul._horas_atividades_prof.pdf","data_ultima_atualizacao":"2026-02-26T14:13:19.278937-03:00","ip":"177.220.130.74","ultima_edicao":"2026-02-26T14:11:45.638892-03:00","tipo":8,"regime_tramitacao":1,"tipo_origem_externa":null,"local_origem_externa":null,"user":26,"anexadas":[],"autores":[26]}