{"id":638,"__str__":"INDICA\u00c7\u00c3O VERBAL n\u00ba 6 de 2025","link_detail_backend":"/materia/638","metadata":{},"numero":6,"ano":2025,"numero_protocolo":null,"data_apresentacao":"2025-10-06","tipo_apresentacao":"O","data_publicacao":null,"numero_origem_externa":"","ano_origem_externa":null,"data_origem_externa":null,"apelido":"","dias_prazo":null,"data_fim_prazo":null,"em_tramitacao":false,"polemica":false,"objeto":"","complementar":false,"ementa":"O vereador indica para que seja encaminhado pedido ao \u00f3rg\u00e3o competente, o Departamento de Estradas de Rodagem \u2013 DER, visando \u00e0 instala\u00e7\u00e3o de radar fotogr\u00e1fico na BR, nas proximidades da Cocari e do posto de combust\u00edvel.","indexacao":"","observacao":"","resultado":"","texto_original":"http://sapl.cruzmaltina.pr.leg.br/media/sapl/public/materialegislativa/2025/638/indicacao_verbal_n06-_roberto_franco30102025.pdf","data_ultima_atualizacao":"2025-10-30T08:50:04.733634-03:00","ip":"177.220.130.74","ultima_edicao":"2025-10-30T08:42:31.535516-03:00","tipo":16,"regime_tramitacao":1,"tipo_origem_externa":null,"local_origem_externa":null,"user":26,"anexadas":[],"autores":[14]}