{"id":454,"__str__":"Requerimento n\u00ba 7 de 2023","link_detail_backend":"/materia/454","metadata":{},"numero":7,"ano":2023,"numero_protocolo":null,"data_apresentacao":"2023-09-14","tipo_apresentacao":"E","data_publicacao":null,"numero_origem_externa":"","ano_origem_externa":null,"data_origem_externa":null,"apelido":"","dias_prazo":null,"data_fim_prazo":null,"em_tramitacao":false,"polemica":false,"objeto":"","complementar":false,"ementa":"MO\u00c7\u00c3O DE APELO, \u00e0 C\u00c2MARA DOS DEPUTADOS e ao SENADO FEDERAL  contra o aborto.","indexacao":"","observacao":"","resultado":"","texto_original":"http://sapl.cruzmaltina.pr.leg.br/media/sapl/public/materialegislativa/2023/454/07-2023_-_mocao_de_apelo_-_ao_congresso_nacional_-_questao_da_apdf_aborto.doc","data_ultima_atualizacao":"2023-09-21T11:38:42.621334-03:00","ip":"177.220.130.74","ultima_edicao":"2023-09-21T11:33:13.592906-03:00","tipo":3,"regime_tramitacao":3,"tipo_origem_externa":null,"local_origem_externa":null,"user":24,"anexadas":[],"autores":[]}