{"id":236,"__str__":"PROJETO DE LEI DO EXECUTIVO n\u00ba 22 de 2021","link_detail_backend":"/materia/236","metadata":{},"numero":22,"ano":2021,"numero_protocolo":null,"data_apresentacao":"2021-07-27","tipo_apresentacao":"","data_publicacao":null,"numero_origem_externa":"","ano_origem_externa":null,"data_origem_externa":null,"apelido":"","dias_prazo":null,"data_fim_prazo":null,"em_tramitacao":false,"polemica":false,"objeto":"","complementar":false,"ementa":"Altera a Lei Municipal N.\u00ba 248, de 05 de maio de 2009, que disp\u00f5e sobre a mobilidade municipal e urbana e hierarquiza\u00e7\u00e3o do sistema vi\u00e1rio e dimensionamento das vias p\u00fablicas para o Munic\u00edpio de Cruzmaltina.","indexacao":"","observacao":"","resultado":"","texto_original":"http://sapl.cruzmaltina.pr.leg.br/media/sapl/public/materialegislativa/2021/236/22-2021_mobilidade_municipal_e_urbana_e_hierarquizacao_do_sistema_viario_e_dimensionamento_das_vias_publicas.docx","data_ultima_atualizacao":"2021-07-30T10:03:21.144975-03:00","ip":"177.152.159.206","ultima_edicao":"2021-07-30T10:02:10.297036-03:00","tipo":11,"regime_tramitacao":1,"tipo_origem_externa":null,"local_origem_externa":null,"user":24,"anexadas":[],"autores":[]}